{"id":42037,"date":"2024-10-03T11:25:52","date_gmt":"2024-10-03T09:25:52","guid":{"rendered":"https:\/\/graf.cat\/?p=42037"},"modified":"2024-10-06T22:40:55","modified_gmt":"2024-10-06T20:40:55","slug":"apropos-manifesta-15-barcelona-metropolitana","status":"publish","type":"post","link":"https:\/\/graf.cat\/en\/apropos-manifesta-15-barcelona-metropolitana\/","title":{"rendered":"Apropos Manifesta 15 Barcelona Metropolitana"},"content":{"rendered":"<p><span style=\"font-weight: 400;\">Manifesta 15 Barcelona Metropolitana is the nomadic biennial of contemporary art that invites us to rethink our cities, environments, and relationships with nature. It will take place from September 8 to November 24 across 12 cities and 16 venues, exploring the urban, environmental, and political challenges of the region and how these are reflected in other European cities.<\/span><\/p>\n<p><span style=\"font-weight: 400;\">Its heart lies in the former Gustavo Gili publishing house, an architectural gem that hosts a series of presentations exploring radical pedagogies, political imagination, and an anti-colonial metropolis. Additionally, it is organized into three thematic and geographical clusters that reflect our local realities:<\/span><\/p>\n<p><b>Balancing Conflicts:\u00a0<\/b><\/p>\n<p><span style=\"font-weight: 400;\">Barcelona, like many growing cities, struggles to balance urban development with the preservation of its natural resources. The Llobregat delta exemplifies this conflict, threatened by the expansion of the port and airport. The &#8220;Balancing Conflicts&#8221; cluster highlights the need for harmony between growth and sustainability, with Casa Gomis as the central venue and Cornell\u00e0, El Prat, and L&#8217;Hospitalet de Llobregat participating in this dialogue.<\/span><\/p>\n<p><b>Cure and Care:\u00a0<\/b><\/p>\n<p><span style=\"font-weight: 400;\">Collserola, Barcelona&#8217;s green lung, symbolizes the importance of both environmental and personal well-being. With the Monastery of Sant Cugat as its epicenter, the &#8220;Caring for and Caring about Ourselves&#8221; cluster explores the connection between culture, nature, and well-being, extending to Granollers, Sabadell, Terrassa, and Sant Cugat del Vall\u00e8s.<\/span><\/p>\n<p><b>Imagining Futures:<\/b><\/p>\n<p><span style=\"font-weight: 400;\">The Bes\u00f2s, once an emblem of industrial Barcelona, is transforming into an opportunity for regeneration. The &#8220;Imagining Futures&#8221; cluster, with the Three Chimneys of Sant Adri\u00e0 as its venue, envisions future possibilities grounded in inclusion and sustainability. Badalona, Matar\u00f3, Santa Coloma de Gramenet, and Sant Adri\u00e0 de Bes\u00f2s are key cities in this process of change.<\/span><\/p>\n<p>&nbsp;<\/p>\n<p><span style=\"font-weight: 400;\">Regarding the venues, Manifesta 15 will have a traveling venue that will change locations according to the needs of the events and projects, and a permanent venue at the Gustavo Gili building, which will host exhibitions, activities, and gatherings related to the biennial.<\/span><\/p>\n<p><span style=\"font-weight: 400;\">For more information, visit the <\/span><a href=\"https:\/\/www.manifesta15.org\/\"><span style=\"font-weight: 400;\">Manifesta 15 Barcelona Metropolitana<\/span><\/a><span style=\"font-weight: 400;\"> website.<\/span><\/p>\n<p>&nbsp;<\/p>\n<p><span style=\"font-weight: 400;\">____<\/span><span style=\"font-weight: 400;\"><br \/>\n<\/span><b>APROPOS <\/b><span style=\"font-weight: 400;\">is content created in response to something happening in our artistic context. This time, in collaboration with Manifesta 15 Barcelona Metropolitana.<\/span><\/p>\n","protected":false},"excerpt":{"rendered":"<p>Manifesta 15 Barcelona Metropolitana is the nomadic biennial of contemporary art that invites us to rethink our cities, environments, and relationships with nature. It will take place from September 8 to November 24 across 12 cities and 16 venues, exploring the urban, environmental, and political challenges of the region and how these are reflected in [&hellip;]<\/p>\n","protected":false},"author":115,"featured_media":42179,"comment_status":"closed","ping_status":"closed","sticky":false,"template":"","format":"standard","meta":{"_acf_changed":false,"_monsterinsights_skip_tracking":false,"_monsterinsights_sitenote_active":false,"_monsterinsights_sitenote_note":"","_monsterinsights_sitenote_category":0,"footnotes":""},"categories":[550],"class_list":["post-42037","post","type-post","status-publish","format-standard","has-post-thumbnail","hentry","category-apropos-en"],"acf":[],"_links":{"self":[{"href":"https:\/\/graf.cat\/en\/wp-json\/wp\/v2\/posts\/42037","targetHints":{"allow":["GET"]}}],"collection":[{"href":"https:\/\/graf.cat\/en\/wp-json\/wp\/v2\/posts"}],"about":[{"href":"https:\/\/graf.cat\/en\/wp-json\/wp\/v2\/types\/post"}],"author":[{"embeddable":true,"href":"https:\/\/graf.cat\/en\/wp-json\/wp\/v2\/users\/115"}],"replies":[{"embeddable":true,"href":"https:\/\/graf.cat\/en\/wp-json\/wp\/v2\/comments?post=42037"}],"version-history":[{"count":1,"href":"https:\/\/graf.cat\/en\/wp-json\/wp\/v2\/posts\/42037\/revisions"}],"predecessor-version":[{"id":42038,"href":"https:\/\/graf.cat\/en\/wp-json\/wp\/v2\/posts\/42037\/revisions\/42038"}],"wp:featuredmedia":[{"embeddable":true,"href":"https:\/\/graf.cat\/en\/wp-json\/wp\/v2\/media\/42179"}],"wp:attachment":[{"href":"https:\/\/graf.cat\/en\/wp-json\/wp\/v2\/media?parent=42037"}],"wp:term":[{"taxonomy":"category","embeddable":true,"href":"https:\/\/graf.cat\/en\/wp-json\/wp\/v2\/categories?post=42037"}],"curies":[{"name":"wp","href":"https:\/\/api.w.org\/{rel}","templated":true}]}}