{"id":17600,"date":"2021-07-05T11:01:32","date_gmt":"2021-07-05T09:01:32","guid":{"rendered":"https:\/\/graf.cat\/?p=17600"},"modified":"2024-11-07T00:47:33","modified_gmt":"2024-11-06T22:47:33","slug":"julio-2021-territori-contemporani-5-5-por-anna-dot","status":"publish","type":"post","link":"https:\/\/graf.cat\/es\/julio-2021-territori-contemporani-5-5-por-anna-dot\/","title":{"rendered":"Julio 2021<br>Territori contemporani 5\/5<br>por Anna Dot"},"content":{"rendered":"<h2><strong>De Folgueroles a Savassona. Una ruta a\u00e9rea.<\/strong><\/h2>\n<p>No s\u00e9 si tienes alas, pero hay qui\u00e9n cree que alg\u00fan d\u00eda todas tendremos y una parte de nosotras abandonar\u00e1 nuestro cuerpo y ver\u00e1 el suelo al qu\u00e9 estamos imantadas desde las alturas. No s\u00e9 si tienes alas, pero quiz\u00e1s te puedes imaginar que te salen y que levantas el vuelo y que miras arriba, porque este morat\u00f3n es profundo y brutal. Despu\u00e9s, algo m\u00e1s tarde, quiz\u00e1s superas el v\u00e9rtigo y miras abajo. Si ya est\u00e1s, si ya vuelas, esta ruta es para ti y empieza aqu\u00ed: al cielo.<\/p>\n<p>El punto de inicio es Folgueroles, cerca de la Font Trobada. La lluvia de ayer ha llenado el torrente al cual Perejaume ense\u00f1\u00f3 a escribir un nombre, que esta tierra ya hace a\u00f1os que conoce: \u00abVerdaguer\u00bb. Entre las hojas de los \u00e1rboles y el rumor del agua se escuchan, todav\u00eda, algunos fragmentos de las obras completas del padre y poeta que unas cu\u00e1ntas decenas de personas pronunciaron simult\u00e1neamente por los rincones del pueblo en el 2002.<\/p>\n<p><img loading=\"lazy\" decoding=\"async\" class=\"alignnone size-medium wp-image-17601\" src=\"https:\/\/graf.cat\/wp-content\/uploads\/2021\/06\/1-perejaume-folgueroles-verdaguer-1280x960.jpeg\" alt=\"\" width=\"1280\" height=\"960\" srcset=\"https:\/\/graf.cat\/wp-content\/uploads\/2021\/06\/1-perejaume-folgueroles-verdaguer-1280x960.jpeg 1280w, https:\/\/graf.cat\/wp-content\/uploads\/2021\/06\/1-perejaume-folgueroles-verdaguer-150x113.jpeg 150w, https:\/\/graf.cat\/wp-content\/uploads\/2021\/06\/1-perejaume-folgueroles-verdaguer-768x576.jpeg 768w, https:\/\/graf.cat\/wp-content\/uploads\/2021\/06\/1-perejaume-folgueroles-verdaguer.jpeg 1382w\" sizes=\"auto, (max-width: 1280px) 100vw, 1280px\" \/><\/p>\n<p>Se est\u00e1 poniendo el sol, que cae por la banda del Pedraforca, y te diriges agitando las alas fuerte hasta Torell\u00f3, donde te paras. Haces noche en el camino de la Bardissa, que bordea el r\u00edo Ter cuando est\u00e1 a punto de encontrarse con el Ges, entre algunos mart\u00ednes pescadores, cuervos de r\u00edo, patos y una garza real inm\u00f3vil. Podr\u00edas decir que la escena es bastante silenciosa, si no fuera por la fuerza con que baja el Ter, que aqu\u00ed es muy ancho, y por las voces y los pasos de unas mujeres fantasmales que cantan mientras se encaminan a la f\u00e1brica textil. Son espectros de los a\u00f1os cincuenta. Entre los \u00e1rboles hay, tambi\u00e9n, un grupo de gente dirigido por las chicas de la compa\u00f1\u00eda An\u00f2nima, que han seguido a estas mujeres y se han aprendido sus recorridos de sororidad antigua para record\u00e1rnosla hoy.<\/p>\n<p><img loading=\"lazy\" decoding=\"async\" class=\"alignnone size-medium wp-image-17609\" src=\"https:\/\/graf.cat\/wp-content\/uploads\/2021\/06\/2-invisibles-torello-1280x719.jpeg\" alt=\"\" width=\"1280\" height=\"719\" srcset=\"https:\/\/graf.cat\/wp-content\/uploads\/2021\/06\/2-invisibles-torello-1280x719.jpeg 1280w, https:\/\/graf.cat\/wp-content\/uploads\/2021\/06\/2-invisibles-torello-150x84.jpeg 150w, https:\/\/graf.cat\/wp-content\/uploads\/2021\/06\/2-invisibles-torello-768x431.jpeg 768w, https:\/\/graf.cat\/wp-content\/uploads\/2021\/06\/2-invisibles-torello-1536x863.jpeg 1536w, https:\/\/graf.cat\/wp-content\/uploads\/2021\/06\/2-invisibles-torello-2048x1150.jpeg 2048w\" sizes=\"auto, (max-width: 1280px) 100vw, 1280px\" \/>(\u00abinVISIBLES\u00bb, Cia. An\u00f2nima. Foto: Jordi Casas)<\/p>\n<p>Los p\u00e1jaros ya hace rato que cantan cuando el primer rayo de sol consigue abrirse entre la niebla. Te elevas y, cuando superas las nubes bajas y densas, ves el perfil de todas las monta\u00f1as que limitan Osona. Enfocas el Montseny y el alargado Pla de la Calma. A tu altura, pero hacia el sur, ves unos globos aerost\u00e1ticos que salen de Vic. Te diriges hacia all\u00ed y aprovechas para disfrutar del paisaje lunar que hay al pie de la ermita de Sant Roc, en Gurb. Algunos lo llaman pies de elefante, otros m\u00e1s t\u00e9cnicos lo denominan c\u00e1rcavas, pero todos se refieren al tipo de ca\u00f1ones de marga quebradiza que caracteriza el paisaje de esta comarca.<\/p>\n<p><img loading=\"lazy\" decoding=\"async\" class=\"alignnone size-medium wp-image-17612\" src=\"https:\/\/graf.cat\/wp-content\/uploads\/2021\/06\/3-xaragalls-1280x960.jpg\" alt=\"\" width=\"1280\" height=\"960\" srcset=\"https:\/\/graf.cat\/wp-content\/uploads\/2021\/06\/3-xaragalls-1280x960.jpg 1280w, https:\/\/graf.cat\/wp-content\/uploads\/2021\/06\/3-xaragalls-150x113.jpg 150w, https:\/\/graf.cat\/wp-content\/uploads\/2021\/06\/3-xaragalls-768x576.jpg 768w, https:\/\/graf.cat\/wp-content\/uploads\/2021\/06\/3-xaragalls-1536x1152.jpg 1536w, https:\/\/graf.cat\/wp-content\/uploads\/2021\/06\/3-xaragalls-2048x1536.jpg 2048w\" sizes=\"auto, (max-width: 1280px) 100vw, 1280px\" \/>Fans de la Pilar\u00edn Bay\u00e9s hacen fotos a los dibujos que la ilustradora vicense hizo a las paredes del interior de la capilla.<\/p>\n<p><img loading=\"lazy\" decoding=\"async\" class=\"alignnone size-medium wp-image-17641\" src=\"https:\/\/graf.cat\/wp-content\/uploads\/2021\/06\/4-santroc-pilarin-bayes-1280x854.jpeg\" alt=\"\" width=\"1280\" height=\"854\" srcset=\"https:\/\/graf.cat\/wp-content\/uploads\/2021\/06\/4-santroc-pilarin-bayes-1280x854.jpeg 1280w, https:\/\/graf.cat\/wp-content\/uploads\/2021\/06\/4-santroc-pilarin-bayes-150x100.jpeg 150w, https:\/\/graf.cat\/wp-content\/uploads\/2021\/06\/4-santroc-pilarin-bayes-768x512.jpeg 768w, https:\/\/graf.cat\/wp-content\/uploads\/2021\/06\/4-santroc-pilarin-bayes-1536x1024.jpeg 1536w, https:\/\/graf.cat\/wp-content\/uploads\/2021\/06\/4-santroc-pilarin-bayes.jpeg 1600w\" sizes=\"auto, (max-width: 1280px) 100vw, 1280px\" \/>(Imagen de Jep Boix \u2013 <a href=\"https:\/\/ca.wikiloc.com\/rutes-senderisme\/sant-andreu-de-gurb-la-creu-de-gurb-serrat-de-la-noguera-sant-roc-bosc-encantat-8840032\/photo-5216924\">extra\u00edda de Wikiloc<\/a>)<\/p>\n<p>Vas a hacer el vermut a la primera planta del edificio modernista que se encuentra en la esquina de Rambla Hospital con Calle Verdaguer, tocando con la plaza Mayor de Vic. Es el Casino, donde celebran el 25\u00ba aniversario de la sala de exposiciones de este lugar. Buscas efectos \u00f3pticos en el alicatado blanco y negro del suelo de este pasillo por el cual han pasado tantos artistas locales y de fuera. Te entretienes escuchando una conversaci\u00f3n en que un arquitecto afirma que una parte de esta casa est\u00e1 construida sobre una monta\u00f1a; la otra, la sustentan unas vigas de madera de dudosa fiabilidad. Suerte que t\u00fa vuelas y te despistas hablando con artistas locales que son tambi\u00e9n excursionistas y que te recomiendan pasar por ACVic. Visitas las exposiciones y pasas el rato disfrutando de los libros para ni\u00f1os que hay en el espacio del escaparate de este centro de arte contempor\u00e1neo. Al cabo de un rato, levantas la cabecita y ves un verde lejano que te llama.<\/p>\n<p><img loading=\"lazy\" decoding=\"async\" class=\"alignnone size-medium wp-image-17643\" src=\"https:\/\/graf.cat\/wp-content\/uploads\/2021\/06\/5-santjordipuigseslloses-1280x960.jpeg\" alt=\"\" width=\"1280\" height=\"960\" srcset=\"https:\/\/graf.cat\/wp-content\/uploads\/2021\/06\/5-santjordipuigseslloses-1280x960.jpeg 1280w, https:\/\/graf.cat\/wp-content\/uploads\/2021\/06\/5-santjordipuigseslloses-150x113.jpeg 150w, https:\/\/graf.cat\/wp-content\/uploads\/2021\/06\/5-santjordipuigseslloses-768x576.jpeg 768w, https:\/\/graf.cat\/wp-content\/uploads\/2021\/06\/5-santjordipuigseslloses-1536x1152.jpeg 1536w, https:\/\/graf.cat\/wp-content\/uploads\/2021\/06\/5-santjordipuigseslloses.jpeg 2048w\" sizes=\"auto, (max-width: 1280px) 100vw, 1280px\" \/>(Sant Jordi de Puigseslloses, Vic. Imagen: Josep Maria Vi\u00f1olas Esteva)<\/p>\n<p>Ya afuera de Vic, otra vez entras en el municipio de Folgueroles, sobrevolando la capilla de San Jorge de Puigseslloses donde por primera vez cant\u00f3 misa Verdaguer, en 1870. Te das cuenta de que su fantasma vuelve, solo de entrar otra vez en esta localidad. M\u00e1s atra\u00edda por las se\u00f1ales paganas de ritos espirituales en esta zona, te fijas en el dolmen que hay delante de la capilla y, sigues volando. Sales de la villa verdagueriana, pasas por encima de Tav\u00e8rnoles y la carretera de Casserres te lleva a Savassona. Te adentras en el bosque h\u00famedo y te pierdes entre las piedras enormes y milenarias en los petroglifos, de las cuales lees leyendas de sacrificios prehist\u00f3ricos y encuentros de brujas.<\/p>\n<p><img loading=\"lazy\" decoding=\"async\" class=\"alignnone size-full wp-image-17683\" src=\"https:\/\/graf.cat\/wp-content\/uploads\/2021\/06\/6-pedrasacrifici-savassona.jpeg\" alt=\"\" width=\"1084\" height=\"720\" srcset=\"https:\/\/graf.cat\/wp-content\/uploads\/2021\/06\/6-pedrasacrifici-savassona.jpeg 1084w, https:\/\/graf.cat\/wp-content\/uploads\/2021\/06\/6-pedrasacrifici-savassona-150x100.jpeg 150w, https:\/\/graf.cat\/wp-content\/uploads\/2021\/06\/6-pedrasacrifici-savassona-768x510.jpeg 768w\" sizes=\"auto, (max-width: 1084px) 100vw, 1084px\" \/>(Pedra del Sacrifici, espacio natural de Savassona. Tav\u00e8rnoles. Imagen: Alberto G. Rov\u00ed)<\/p>\n<p>Cada vez es m\u00e1s oscuro y decides subir hasta la ermita de Sant Feliuet, que corona esta zona tan m\u00e1gica. Diriges la vista al sol, que se va a poniente y quiz\u00e1s, solo si el aire es muy claro y te fijas bastante, te llegar\u00e1 el \u00faltimo rayo del d\u00eda, el rayo verde.<\/p>\n<p>&#8211;<\/p>\n<p>Ruta Graf por Barcelona de <a href=\"https:\/\/www.annadot.net\/es\/inicio\/\">Anna Dot<\/a>, artista.<\/p>\n<p>Este texto forma parte del conjunto de rutas dirigidas por Frederic Montorn\u00e9s. Con la intenci\u00f3n de salir de Barcelona ciudad y dar a conocer otros proyectos de rutas, GRAF invita a Frederic Montorn\u00e9s a hacer <a href=\"https:\/\/graf.cat\/es\/primavera-2021-territori-contemporani-1-5-por-frederic-montornes\/\">una primera Ruta introductoria al repositorio de Territori Contemporani<\/a> \u2013un programa de televisi\u00f3n para descubrir los espacios de difusi\u00f3n y producci\u00f3n de arte contempor\u00e1neo en las comarcas de Catalu\u00f1a, a trav\u00e9s de las artistas y agentes culturales implicadas\u2013 y del mismo modo, a dirigir cuatro Rutas GRAF por las cuatro provincias de Catalu\u00f1a de la mano de artistas vinculadas a estos territorios.<\/p>\n","protected":false},"excerpt":{"rendered":"<p>No s\u00e9 si tienes alas, pero hay qui\u00e9n cree que alg\u00fan d\u00eda todas tendremos y una parte de nosotros abandonar\u00e1 nuestro cuerpo y ver\u00e1 el suelo al qu\u00e9 estamos imantadas desde las alturas. No s\u00e9 si tienes alas, pero quiz\u00e1s te puedes imaginar que te salen y que levantas el vuelo y que miras arriba, porque este morat\u00f3n es profundo y brutal. Despu\u00e9s, algo m\u00e1s tarde, quiz\u00e1s superas el v\u00e9rtigo y miras abajo. Si ya est\u00e1s, si ya vuelas, esta ruta es para t\u00fa y empieza aqu\u00ed: al cielo.<\/p>\n","protected":false},"author":95,"featured_media":43133,"comment_status":"closed","ping_status":"closed","sticky":false,"template":"","format":"standard","meta":{"_acf_changed":false,"_monsterinsights_skip_tracking":false,"_monsterinsights_sitenote_active":false,"_monsterinsights_sitenote_note":"","_monsterinsights_sitenote_category":0,"footnotes":""},"categories":[259],"class_list":["post-17600","post","type-post","status-publish","format-standard","has-post-thumbnail","hentry","category-rutas"],"acf":[],"_links":{"self":[{"href":"https:\/\/graf.cat\/es\/wp-json\/wp\/v2\/posts\/17600","targetHints":{"allow":["GET"]}}],"collection":[{"href":"https:\/\/graf.cat\/es\/wp-json\/wp\/v2\/posts"}],"about":[{"href":"https:\/\/graf.cat\/es\/wp-json\/wp\/v2\/types\/post"}],"author":[{"embeddable":true,"href":"https:\/\/graf.cat\/es\/wp-json\/wp\/v2\/users\/95"}],"replies":[{"embeddable":true,"href":"https:\/\/graf.cat\/es\/wp-json\/wp\/v2\/comments?post=17600"}],"version-history":[{"count":29,"href":"https:\/\/graf.cat\/es\/wp-json\/wp\/v2\/posts\/17600\/revisions"}],"predecessor-version":[{"id":20194,"href":"https:\/\/graf.cat\/es\/wp-json\/wp\/v2\/posts\/17600\/revisions\/20194"}],"wp:featuredmedia":[{"embeddable":true,"href":"https:\/\/graf.cat\/es\/wp-json\/wp\/v2\/media\/43133"}],"wp:attachment":[{"href":"https:\/\/graf.cat\/es\/wp-json\/wp\/v2\/media?parent=17600"}],"wp:term":[{"taxonomy":"category","embeddable":true,"href":"https:\/\/graf.cat\/es\/wp-json\/wp\/v2\/categories?post=17600"}],"curies":[{"name":"wp","href":"https:\/\/api.w.org\/{rel}","templated":true}]}}