{"id":18830,"date":"2021-09-23T19:47:48","date_gmt":"2021-09-23T17:47:48","guid":{"rendered":"https:\/\/graf.cat\/?p=18830"},"modified":"2021-11-23T23:05:00","modified_gmt":"2021-11-23T21:05:00","slug":"apropos-ruta-de-autor","status":"publish","type":"post","link":"https:\/\/graf.cat\/es\/apropos-ruta-de-autor\/","title":{"rendered":"Septiembre 2021<br>Ruta de autor 1\/5<br>por Ruta de autor"},"content":{"rendered":"<h2><b>Llam\u00e9moslo <\/b><b><i>quick overview<\/i><\/b><\/h2>\n<p>Todo empez\u00f3 embarcadas en un tren.<\/p>\n<p>Mirando hacia atr\u00e1s, en un ejercicio arbitrario de memoria, Ruta de autor naci\u00f3 por nuestro deseo de caminar, de habitar las ciudades a partir de diferentes disciplinas (arte, literatura, psicogeograf\u00eda\u2026). Cada vez que nos mov\u00edamos nos hac\u00eda falta hacernos con el espacio, poner nuestras notas al pie. Rebotadas por los folletines de turismo y las historias oficiales, que generalizan y multiplican t\u00f3picos, decidimos crear nuestros propios itinerarios. Inicialmente el formato que m\u00e1s nos atra\u00eda era una libreta de notas. Las publicaciones siempre nos han interesado por ser un modo de formalizar experiencias. Pero, por falta de recursos, dejamos la idea a un lado. Tiempo despu\u00e9s nos dimos cuenta de que pod\u00edamos comenzar por los recorridos y luego ocuparnos de la publicaci\u00f3n, y as\u00ed fue como el caminar se convirti\u00f3 en el punto de partida.<\/p>\n<p>Dejamos la palabra escrita para rescatar la oralidad y los pasos. Empezamos a desarrollar varias rutas y a colaborar con diferentes instituciones. La primera ruta fue un recorrido por el sur de Venezuela, espec\u00edficamente en Canaima.<\/p>\n<p><img loading=\"lazy\" decoding=\"async\" class=\"alignnone wp-image-18837\" src=\"https:\/\/graf.cat\/wp-content\/uploads\/2021\/09\/1-IMAGEN-Ruta-piloto-1280x853.jpg\" alt=\"\" width=\"1224\" height=\"816\" srcset=\"https:\/\/graf.cat\/wp-content\/uploads\/2021\/09\/1-IMAGEN-Ruta-piloto-1280x853.jpg 1280w, https:\/\/graf.cat\/wp-content\/uploads\/2021\/09\/1-IMAGEN-Ruta-piloto-150x100.jpg 150w, https:\/\/graf.cat\/wp-content\/uploads\/2021\/09\/1-IMAGEN-Ruta-piloto-768x512.jpg 768w, https:\/\/graf.cat\/wp-content\/uploads\/2021\/09\/1-IMAGEN-Ruta-piloto-1536x1024.jpg 1536w, https:\/\/graf.cat\/wp-content\/uploads\/2021\/09\/1-IMAGEN-Ruta-piloto-2048x1365.jpg 2048w\" sizes=\"auto, (max-width: 1224px) 100vw, 1224px\" \/><br \/>\n<img loading=\"lazy\" decoding=\"async\" class=\"alignnone wp-image-18834\" src=\"https:\/\/graf.cat\/wp-content\/uploads\/2021\/09\/2-IMAGEN-Ruta-Exploradores_Canaima_2-1280x852.jpg\" alt=\"\" width=\"1224\" height=\"815\" srcset=\"https:\/\/graf.cat\/wp-content\/uploads\/2021\/09\/2-IMAGEN-Ruta-Exploradores_Canaima_2-1280x852.jpg 1280w, https:\/\/graf.cat\/wp-content\/uploads\/2021\/09\/2-IMAGEN-Ruta-Exploradores_Canaima_2-150x100.jpg 150w, https:\/\/graf.cat\/wp-content\/uploads\/2021\/09\/2-IMAGEN-Ruta-Exploradores_Canaima_2-768x511.jpg 768w, https:\/\/graf.cat\/wp-content\/uploads\/2021\/09\/2-IMAGEN-Ruta-Exploradores_Canaima_2-1536x1023.jpg 1536w, https:\/\/graf.cat\/wp-content\/uploads\/2021\/09\/2-IMAGEN-Ruta-Exploradores_Canaima_2-2048x1364.jpg 2048w\" sizes=\"auto, (max-width: 1224px) 100vw, 1224px\" \/><\/p>\n<p>Foto: Aymara Arreaza R.<\/p>\n<p>Nos propusimos rastrear los viajes de los catalanes que hicieron expediciones en esa zona; sus relaciones con ese territorio, la codicia del oro, sus traves\u00edas por r\u00edos y monta\u00f1as, sus idas y vueltas. Un a\u00f1o despu\u00e9s seguimos ahondando en la relaci\u00f3n de Barcelona con Am\u00e9rica y nos adentramos entonces en las inversiones y los trasvases de capitales de quienes hicieron fortuna en lugares como Cuba, Chile, de nuevo Venezuela, M\u00e9xico&#8230; y que, pasados treinta a\u00f1os, regresaron a la Pen\u00ednsula y se instalaron en la capital catalana, donde participaron con sus inversiones en el crecimiento de la ciudad.<\/p>\n<p><a href=\"https:\/\/rutadeautor.com\/rutas\/ruta-barcelona-y-los-indianos-negocios-de-ultramar-y-cambio-urbano-1835-1916\/\">En esta ruta de los indianos<\/a> que venimos haciendo desde el a\u00f1o 2014, caminamos desde Pla de Palau hasta las Ramblas, un ejercicio cr\u00edtico que interpela monumentos y elementos del paisaje urbano. En las m\u00e1s de ochenta salidas que hemos activado con este itinerario, destaca el despertar de ciertas amnesias con respecto a las historias coloniales. Hemos corporeizado otras maneras de acercarnos a la ciudad y hemos creado nuevos relatos que nos han permitido articular otras perspectivas, una forma de generar desplazamientos y confeccionar espacios h\u00edbridos, de resistencia.<\/p>\n<p>&nbsp;<\/p>\n<p><img loading=\"lazy\" decoding=\"async\" class=\"alignnone size-full wp-image-18840\" src=\"https:\/\/graf.cat\/wp-content\/uploads\/2021\/09\/3-IMAGEN-Ruta-d_autor__Dissabte-Afrofuturista_MACBA_07_fot_Dani-Canto.jpg\" alt=\"\" width=\"1224\" height=\"816\" srcset=\"https:\/\/graf.cat\/wp-content\/uploads\/2021\/09\/3-IMAGEN-Ruta-d_autor__Dissabte-Afrofuturista_MACBA_07_fot_Dani-Canto.jpg 1224w, https:\/\/graf.cat\/wp-content\/uploads\/2021\/09\/3-IMAGEN-Ruta-d_autor__Dissabte-Afrofuturista_MACBA_07_fot_Dani-Canto-150x100.jpg 150w, https:\/\/graf.cat\/wp-content\/uploads\/2021\/09\/3-IMAGEN-Ruta-d_autor__Dissabte-Afrofuturista_MACBA_07_fot_Dani-Canto-768x512.jpg 768w\" sizes=\"auto, (max-width: 1224px) 100vw, 1224px\" \/><\/p>\n<p>Foto: Dani Cant\u00f3.<\/p>\n<p>Por otra parte, tambi\u00e9n hemos desarrollado recorridos por el frente litoral, en las laderas del r\u00edo Llobregat, la <i>superilla<\/i> de Poblenou, el Carmelo &#8230;<\/p>\n<p><img loading=\"lazy\" decoding=\"async\" class=\"alignnone wp-image-18843\" src=\"https:\/\/graf.cat\/wp-content\/uploads\/2021\/09\/4-IMAGEN-Equipo-Rutadeautor-1280x960.jpg\" alt=\"\" width=\"1224\" height=\"918\" srcset=\"https:\/\/graf.cat\/wp-content\/uploads\/2021\/09\/4-IMAGEN-Equipo-Rutadeautor-1280x960.jpg 1280w, https:\/\/graf.cat\/wp-content\/uploads\/2021\/09\/4-IMAGEN-Equipo-Rutadeautor-150x113.jpg 150w, https:\/\/graf.cat\/wp-content\/uploads\/2021\/09\/4-IMAGEN-Equipo-Rutadeautor-768x576.jpg 768w, https:\/\/graf.cat\/wp-content\/uploads\/2021\/09\/4-IMAGEN-Equipo-Rutadeautor-1536x1152.jpg 1536w, https:\/\/graf.cat\/wp-content\/uploads\/2021\/09\/4-IMAGEN-Equipo-Rutadeautor-2048x1536.jpg 2048w\" sizes=\"auto, (max-width: 1224px) 100vw, 1224px\" \/><\/p>\n<p>Foto: Ramon Ruaix Prat.<\/p>\n<p>Actualmente estamos trabajando en una propuesta que enlaza con un evento que siempre hab\u00edamos querido abordar. Se trata de la Exposici\u00f3n Universal de Barcelona de 1888. Nos ocupamos de algunas de las actividades de ocio promovidas en este evento. Con esta propuesta buscamos desmontar la falsa creencia de que la visi\u00f3n universalista y desde las alturas permite alcanzar la totalidad, cerrar el c\u00edrculo.<\/p>\n<p>&#8211;<br \/>\nTexto de Ruta de autor para GRAF. <a href=\"https:\/\/rutadeautor.com\/\" target=\"_blank\" rel=\"noopener\">Ruta de autor<\/a> son Aymara Arreaza R. y Lorena Bou Linhares.<\/p>\n<p>Esta ruta forma parte de una serie de cinco en las que participan otras cuatro artistas y que se ir\u00e1n publicando en los pr\u00f3ximos meses. Ruta de autor ha seleccionado cuatro trabajos que abordan las periferias de Barcelona: las infraestructuras de Internet (Mario Santamar\u00eda), el jard\u00edn colonial (Agust\u00edn Ortiz Herrera), la gentrificaci\u00f3n art\u00edstica (Zaida Trallero) y el presente sin casa (Leonor Urdaneta). Os invitamos a leer, caminar y seguir atentos.<\/p>\n","protected":false},"excerpt":{"rendered":"<p>Las publicaciones siempre nos han interesado por ser un modo de formalizar experiencias. Pero, por falta de recursos, dejamos la idea a un lado. Tiempo despu\u00e9s nos dimos cuenta de que pod\u00edamos comenzar por los recorridos y luego ocuparnos de la publicaci\u00f3n, y as\u00ed fue como el caminar se convirti\u00f3 en el punto de partida.<\/p>\n","protected":false},"author":95,"featured_media":0,"comment_status":"closed","ping_status":"open","sticky":false,"template":"","format":"standard","meta":{"_acf_changed":false,"_monsterinsights_skip_tracking":false,"_monsterinsights_sitenote_active":false,"_monsterinsights_sitenote_note":"","_monsterinsights_sitenote_category":0,"footnotes":""},"categories":[259],"class_list":["post-18830","post","type-post","status-publish","format-standard","hentry","category-rutas"],"acf":[],"_links":{"self":[{"href":"https:\/\/graf.cat\/es\/wp-json\/wp\/v2\/posts\/18830","targetHints":{"allow":["GET"]}}],"collection":[{"href":"https:\/\/graf.cat\/es\/wp-json\/wp\/v2\/posts"}],"about":[{"href":"https:\/\/graf.cat\/es\/wp-json\/wp\/v2\/types\/post"}],"author":[{"embeddable":true,"href":"https:\/\/graf.cat\/es\/wp-json\/wp\/v2\/users\/95"}],"replies":[{"embeddable":true,"href":"https:\/\/graf.cat\/es\/wp-json\/wp\/v2\/comments?post=18830"}],"version-history":[{"count":23,"href":"https:\/\/graf.cat\/es\/wp-json\/wp\/v2\/posts\/18830\/revisions"}],"predecessor-version":[{"id":20220,"href":"https:\/\/graf.cat\/es\/wp-json\/wp\/v2\/posts\/18830\/revisions\/20220"}],"wp:attachment":[{"href":"https:\/\/graf.cat\/es\/wp-json\/wp\/v2\/media?parent=18830"}],"wp:term":[{"taxonomy":"category","embeddable":true,"href":"https:\/\/graf.cat\/es\/wp-json\/wp\/v2\/categories?post=18830"}],"curies":[{"name":"wp","href":"https:\/\/api.w.org\/{rel}","templated":true}]}}