{"id":40609,"date":"2024-08-07T23:13:30","date_gmt":"2024-08-07T21:13:30","guid":{"rendered":"https:\/\/graf.cat\/?p=40609"},"modified":"2024-08-07T23:19:41","modified_gmt":"2024-08-07T21:19:41","slug":"apropos-art-nou-24","status":"publish","type":"post","link":"https:\/\/graf.cat\/es\/apropos-art-nou-24\/","title":{"rendered":"Apropos Art Nou 24"},"content":{"rendered":"<p>En esta edici\u00f3n de Art Nou le pedimos a la artista Claudia del Barrio que aportase una visi\u00f3n personal del festival. La propuesta consisti\u00f3 en una serie de v\u00eddeos a prop\u00f3sito de algunas de las exposiciones. La propuesta, con la apariencia de juego interactivo, est\u00e1 inspirada en la est\u00e9tica primitiva y pixelada de los videojuegos de scape room y de terror de los primeros dosmil; as\u00ed como en el universo de los libros \u201cElige tu propia aventura\u201d.<\/p>\n<p>Los textos que acompa\u00f1an sugieren historias que se complementan y se derivan de los v\u00eddeos, transformados en cap\u00edtulos o escenas de este videojuego.<\/p>\n<p><img loading=\"lazy\" decoding=\"async\" class=\"alignnone size-medium wp-image-40603\" src=\"https:\/\/graf.cat\/wp-content\/uploads\/2024\/08\/News_Cabecera_Collage_frames_videos_Claudia-1280x378.png\" alt=\"\" width=\"1280\" height=\"378\" srcset=\"https:\/\/graf.cat\/wp-content\/uploads\/2024\/08\/News_Cabecera_Collage_frames_videos_Claudia-1280x378.png 1280w, https:\/\/graf.cat\/wp-content\/uploads\/2024\/08\/News_Cabecera_Collage_frames_videos_Claudia-150x44.png 150w, https:\/\/graf.cat\/wp-content\/uploads\/2024\/08\/News_Cabecera_Collage_frames_videos_Claudia-768x227.png 768w, https:\/\/graf.cat\/wp-content\/uploads\/2024\/08\/News_Cabecera_Collage_frames_videos_Claudia-1536x454.png 1536w, https:\/\/graf.cat\/wp-content\/uploads\/2024\/08\/News_Cabecera_Collage_frames_videos_Claudia-2048x605.png 2048w\" sizes=\"auto, (max-width: 1280px) 100vw, 1280px\" \/><\/p>\n<p>&nbsp;<\/p>\n<p>Primer cap\u00edtulo: El sielo<\/p>\n<p>Sobre la exposici\u00f3n de Andrea Herrera \u201cFar\u00e9 de l\u2019h\u00e0bit un niu\u201d, en la que la artista combinaba la cronolog\u00eda y la imagen.<\/p>\n<p>Dicen que existe un d\u00eda fuera del calendario, donde el reloj no marca las horas y un mes son tres, que para entrar hay que dormir una siesta inusualmente larga, nunca sin almorzar, a doce pasos de una ventana donde se ve el cielo. Una vez en el sue\u00f1o, sabr\u00e1s que has entrado si al despertar, en el aire suenan cascabeles tintineando. ESte \u201cd\u00eda\u201d es una habitaci\u00f3n donde una paloma lleva anidando, por lo menos, un pu\u00f1ado de milenios, que al principio empez\u00f3 llevando la cuenta de los meses y a\u00f1os pero como que eran tantos, lo dej\u00f3 pasar y se dedic\u00f3 mejor a recoger ramitas y otros materiales para construir el nido perfecto.<\/p>\n<p><a href=\"https:\/\/www.instagram.com\/reel\/C9uIBuNqpqO\/\">LINK video El Sielo<\/a><\/p>\n<p>&nbsp;<\/p>\n<p>Segundo cap\u00edtulo: Chiquita Room<\/p>\n<p>En la exposici\u00f3n de Alba Yruela \u201cSembla tot\u00a0 com un sol dia\u201d, la artista establece una relaci\u00f3n personal y subjetiva con el entorno, la naturaleza.<\/p>\n<p>Un diario secreto y a la vez visible a los ojos del mundo. Yo vuelo y me poso sobre una hoja, y soy consciente de que me miras y de que tu cuerpo, tan diferente al m\u00edo, no quiere hacerme da\u00f1o, a pesar de los gritos de mi instinto. Tu cuerpo se mueve con lentitud y observa todo lo que te rodea, escucha el sonido del viento, y de la vida y la muerte que se esconden bajo la hierba, entre los \u00e1rboles, en la savia de las flores. Todo lo quieres absorber, todo lo registras en tu diario. Para avanzar, t\u00fa s\u00f3lo anulas toda acci\u00f3n y dejas que lo que te rodea act\u00fae por ti.<\/p>\n<p><a href=\"https:\/\/www.instagram.com\/reel\/C-AJ5rcKPK9\/\">LINK video Chiquita Room<\/a><\/p>\n<p>&nbsp;<\/p>\n<p>Tercer cap\u00edtulo: Ana Mas Projects<\/p>\n<p>La artista Rita Sala en la exposici\u00f3n \u201cDalt, la serra\u201d, reflexiona sobre el paisaje desde una perspectiva expandida.<\/p>\n<p>Si no hay ojo no hay paisaje. Es el ojo, entonces, quien dice que esta vista es un paisaje. Dentro de los ojos hay muchas historias, muchas personas, muchas im\u00e1genes. As\u00ed, cuando miro una sierra veo los bosques y los caminos, y por encima o por debajo, las figuras. Y la imagen total, construida por capas, aparece y desaparece, haciendo una especie de baile. Como bailan las historias y las personas, entre el paisaje y el primer plano. Con toda esta danza, cuesta decir que esto es esto y aquello otro es aquello otro. As\u00ed, \u00bfquien dice que una figura no pueda llegar a ser paisaje, o un paisaje se convierta en figura?<\/p>\n<p><a href=\"https:\/\/www.instagram.com\/reel\/C-SLq9OqBVS\/\">LINK video Ana Mas Projects<\/a><\/p>\n<p>&nbsp;<\/p>\n<p>\u2014 \u2014<\/p>\n<p><a href=\"https:\/\/artnou.net\/es\/inicio\/\">Art Nou<\/a> es un festival de arte emergente organizado por la asociaci\u00f3n de galer\u00edas Art Barcelona, que apuesta por estimular la producci\u00f3n joven, reivindicar las galer\u00edas como espacios de encuentro y debate, y poner en contacto a los agentes del arte y el p\u00fablico general.<\/p>\n","protected":false},"excerpt":{"rendered":"<p>En esta edici\u00f3n de Art Nou le pedimos a la artista Claudia del Barrio que aportase una visi\u00f3n personal del festival. La propuesta consisti\u00f3 en una serie de v\u00eddeos a prop\u00f3sito de algunas de las exposiciones.<\/p>\n","protected":false},"author":95,"featured_media":40601,"comment_status":"closed","ping_status":"open","sticky":false,"template":"","format":"standard","meta":{"_acf_changed":false,"_monsterinsights_skip_tracking":false,"_monsterinsights_sitenote_active":false,"_monsterinsights_sitenote_note":"","_monsterinsights_sitenote_category":0,"footnotes":""},"categories":[551],"class_list":["post-40609","post","type-post","status-publish","format-standard","has-post-thumbnail","hentry","category-apropos-es"],"acf":[],"_links":{"self":[{"href":"https:\/\/graf.cat\/es\/wp-json\/wp\/v2\/posts\/40609","targetHints":{"allow":["GET"]}}],"collection":[{"href":"https:\/\/graf.cat\/es\/wp-json\/wp\/v2\/posts"}],"about":[{"href":"https:\/\/graf.cat\/es\/wp-json\/wp\/v2\/types\/post"}],"author":[{"embeddable":true,"href":"https:\/\/graf.cat\/es\/wp-json\/wp\/v2\/users\/95"}],"replies":[{"embeddable":true,"href":"https:\/\/graf.cat\/es\/wp-json\/wp\/v2\/comments?post=40609"}],"version-history":[{"count":7,"href":"https:\/\/graf.cat\/es\/wp-json\/wp\/v2\/posts\/40609\/revisions"}],"predecessor-version":[{"id":40627,"href":"https:\/\/graf.cat\/es\/wp-json\/wp\/v2\/posts\/40609\/revisions\/40627"}],"wp:featuredmedia":[{"embeddable":true,"href":"https:\/\/graf.cat\/es\/wp-json\/wp\/v2\/media\/40601"}],"wp:attachment":[{"href":"https:\/\/graf.cat\/es\/wp-json\/wp\/v2\/media?parent=40609"}],"wp:term":[{"taxonomy":"category","embeddable":true,"href":"https:\/\/graf.cat\/es\/wp-json\/wp\/v2\/categories?post=40609"}],"curies":[{"name":"wp","href":"https:\/\/api.w.org\/{rel}","templated":true}]}}