{"id":42039,"date":"2024-10-03T11:27:21","date_gmt":"2024-10-03T09:27:21","guid":{"rendered":"https:\/\/graf.cat\/?p=42039"},"modified":"2025-01-20T19:33:33","modified_gmt":"2025-01-20T17:33:33","slug":"apropos-manifesta-15-barcelona-metropolitana","status":"publish","type":"post","link":"https:\/\/graf.cat\/es\/apropos-manifesta-15-barcelona-metropolitana\/","title":{"rendered":"Apropos Manifesta 15 Barcelona Metropolitana"},"content":{"rendered":"<p><span style=\"font-weight: 400;\">Manifesta 15 Barcelona Metropolitana es la bienal n\u00f3mada de arte contempor\u00e1neo que invita a repensar nuestras ciudades, entornos y relaciones con la naturaleza. Tendr\u00e1 lugar del 8 de septiembre al 24 de noviembre en 12 ciudades del territorio y 16 sedes, donde se explorar\u00e1n los desaf\u00edos urbanos, ambientales y pol\u00edticos de la regi\u00f3n, y c\u00f3mo estos se reflejan en otras ciudades europeas.\u00a0<\/span><\/p>\n<p><span style=\"font-weight: 400;\">Su coraz\u00f3n se encuentra en el antiguo edificio de la editorial Gustavo Gili, una joya arquitect\u00f3nica que acoge una serie de presentaciones que exploran pedagog\u00edas radicales, la imaginaci\u00f3n pol\u00edtica y una metr\u00f3poli anticolonial. Adem\u00e1s, est\u00e1 organizada en tres clusters tem\u00e1ticos y geogr\u00e1ficos que reflejan nuestras realidades locales:<\/span><\/p>\n<p><b>Equilibrando conflictos:<\/b><\/p>\n<p><span style=\"font-weight: 400;\">Barcelona, como muchas ciudades en crecimiento, lucha por equilibrar el desarrollo urbano con la conservaci\u00f3n de sus recursos naturales. El delta del Llobregat ejemplifica este conflicto, amenazado por la expansi\u00f3n del puerto y el aeropuerto. El cluster \u00abEquilibrando conflictos\u00bb destaca la necesidad de armon\u00eda entre crecimiento y sostenibilidad, con Casa Gomis como sede central y Cornell\u00e0, El Prat y L&#8217;Hospitalet de Llobregat participando en este di\u00e1logo.<\/span><\/p>\n<p><b>Cuidar y cuidarnos:<\/b><\/p>\n<p><span style=\"font-weight: 400;\">Collserola, el pulm\u00f3n verde de Barcelona, simboliza la importancia del bienestar ambiental y personal. Con el Monasterio de Sant Cugat como epicentro, el cluster \u00abCuidar y cuidarnos\u00bb explora la conexi\u00f3n entre cultura, naturaleza y bienestar, y se extiende por Granollers, Sabadell, Terrassa y Sant Cugat del Vall\u00e8s.<\/span><\/p>\n<p><b>Imaginando futuros:<\/b><\/p>\n<p><span style=\"font-weight: 400;\">El Bes\u00f2s, antiguo emblema de una Barcelona industrial, se transforma en una oportunidad de regeneraci\u00f3n. El cluster \u00abImaginando futuros\u00bb, con las Tres Chimeneas de Sant Adri\u00e0 como sede, plantea visiones de futuro basadas en la inclusi\u00f3n y la sostenibilidad. Badalona, Matar\u00f3, Santa Coloma de Gramenet y Sant Adri\u00e0 de Bes\u00f2s son ciudades clave en este proceso de cambio.<\/span><\/p>\n<p>&nbsp;<\/p>\n<p><span style=\"font-weight: 400;\">En cuanto a las sedes, Manifesta 15 contar\u00e1 con una sede itinerante que cambiar\u00e1 de lugar seg\u00fan las necesidades de los eventos y proyectos, y una sede fija en el Edificio Gustavo Gili, que albergar\u00e1 exposiciones, actividades y encuentros relacionados con la bienal.<\/span><\/p>\n<p><span style=\"font-weight: 400;\">Para m\u00e1s informaci\u00f3n consulta la web de<\/span><a href=\"https:\/\/www.manifesta15.org\/es\"> <span style=\"font-weight: 400;\">Manifesta 15 Barcelona Metropolitana<\/span><\/a><\/p>\n<p><span style=\"font-weight: 400;\">\u00a0<\/span><span style=\"font-weight: 400;\">____<\/span><span style=\"font-weight: 400;\"><br \/>\n<\/span><b>APROPOS <\/b><span style=\"font-weight: 400;\">son contenido hechos a prop\u00f3sito de algo que sucede en nuestro contexto art\u00edstico. En esta ocasi\u00f3n, en colaboraci\u00f3n con<\/span><a href=\"https:\/\/graf.cat\/es\/author\/manifesta-15-barcelona-metropolitana\/\"> <span style=\"font-weight: 400;\">Manifesta 15 Barcelona Metropolitana<\/span><\/a><span style=\"font-weight: 400;\">.<\/span><\/p>\n","protected":false},"excerpt":{"rendered":"<p>Manifesta 15 Barcelona Metropolitana es la bienal n\u00f3mada de arte contempor\u00e1neo que invita a repensar nuestras ciudades, entornos y relaciones con la naturaleza. Tendr\u00e1 lugar del 8 de septiembre al 24 de noviembre en 12 ciudades del territorio y 16 sedes, donde se explorar\u00e1n los desaf\u00edos urbanos, ambientales y pol\u00edticos de la regi\u00f3n, y c\u00f3mo [&hellip;]<\/p>\n","protected":false},"author":115,"featured_media":42181,"comment_status":"closed","ping_status":"closed","sticky":false,"template":"","format":"standard","meta":{"_acf_changed":false,"_monsterinsights_skip_tracking":false,"_monsterinsights_sitenote_active":false,"_monsterinsights_sitenote_note":"","_monsterinsights_sitenote_category":0,"footnotes":""},"categories":[551],"class_list":["post-42039","post","type-post","status-publish","format-standard","has-post-thumbnail","hentry","category-apropos-es"],"acf":[],"_links":{"self":[{"href":"https:\/\/graf.cat\/es\/wp-json\/wp\/v2\/posts\/42039","targetHints":{"allow":["GET"]}}],"collection":[{"href":"https:\/\/graf.cat\/es\/wp-json\/wp\/v2\/posts"}],"about":[{"href":"https:\/\/graf.cat\/es\/wp-json\/wp\/v2\/types\/post"}],"author":[{"embeddable":true,"href":"https:\/\/graf.cat\/es\/wp-json\/wp\/v2\/users\/115"}],"replies":[{"embeddable":true,"href":"https:\/\/graf.cat\/es\/wp-json\/wp\/v2\/comments?post=42039"}],"version-history":[{"count":2,"href":"https:\/\/graf.cat\/es\/wp-json\/wp\/v2\/posts\/42039\/revisions"}],"predecessor-version":[{"id":42041,"href":"https:\/\/graf.cat\/es\/wp-json\/wp\/v2\/posts\/42039\/revisions\/42041"}],"wp:featuredmedia":[{"embeddable":true,"href":"https:\/\/graf.cat\/es\/wp-json\/wp\/v2\/media\/42181"}],"wp:attachment":[{"href":"https:\/\/graf.cat\/es\/wp-json\/wp\/v2\/media?parent=42039"}],"wp:term":[{"taxonomy":"category","embeddable":true,"href":"https:\/\/graf.cat\/es\/wp-json\/wp\/v2\/categories?post=42039"}],"curies":[{"name":"wp","href":"https:\/\/api.w.org\/{rel}","templated":true}]}}