{"id":52968,"date":"2025-05-12T17:19:37","date_gmt":"2025-05-12T15:19:37","guid":{"rendered":"https:\/\/graf.cat\/?p=52968"},"modified":"2025-11-26T14:17:13","modified_gmt":"2025-11-26T12:17:13","slug":"apropos-bgw-the-collector-is-present-podcast-graf","status":"publish","type":"post","link":"https:\/\/graf.cat\/es\/apropos-bgw-the-collector-is-present-podcast-graf\/","title":{"rendered":"Apropos BGW &#8211; The Collector is Present &#8211; Podcast GRAF"},"content":{"rendered":"<h1><img loading=\"lazy\" decoding=\"async\" class=\"alignnone size-medium wp-image-53009\" src=\"https:\/\/graf.cat\/wp-content\/uploads\/2025\/05\/HOME-Podcast_BGW-1-1280x721.png\" alt=\"\" width=\"1280\" height=\"721\" srcset=\"https:\/\/graf.cat\/wp-content\/uploads\/2025\/05\/HOME-Podcast_BGW-1-1280x721.png 1280w, https:\/\/graf.cat\/wp-content\/uploads\/2025\/05\/HOME-Podcast_BGW-1-150x85.png 150w, https:\/\/graf.cat\/wp-content\/uploads\/2025\/05\/HOME-Podcast_BGW-1-768x433.png 768w, https:\/\/graf.cat\/wp-content\/uploads\/2025\/05\/HOME-Podcast_BGW-1.png 1501w\" sizes=\"auto, (max-width: 1280px) 100vw, 1280px\" \/><\/h1>\n<p>Este a\u00f1o ha vuelto una vez m\u00e1s <em>\u2060\u2060The Collector is Present<\/em>\u2060\u2060, el programa fruto de la colaboraci\u00f3n entre coleccionistas y galeristas de Barcelona Gallery Weekend, que durante el fin de semana del 8 al 11 de mayo, han desarrollado un proyecto conjunto a las galer\u00edas.<br \/>\nDando continuidad a las propuestas que cada a\u00f1o hacemos entre GRAF y BGW, hemos aprovechado esta ocasi\u00f3n para iniciar los Apropos podcast GRAF. Con una moderaci\u00f3n exquisita Andrea Gumes, con larga experiencia en radio y comunicaci\u00f3n, ha acompa\u00f1ado la conversaci\u00f3n entre nuestras cuatro invitadas, Laura Gonz\u00e1lez Palacios, galerista de Chiquita Room, la coleccionista Cristina Arribas, el comisario y coleccionista experto en arte digital Tales Tomassini, y Jorge Bravo, al frente de la galer\u00eda ethall.<\/p>\n<p>APROPOS son contenidos hechos a prop\u00f3sito de algo que sucede en nuestro contexto art\u00edstico y los Apropos Podcast son la versi\u00f3n radiof\u00f3nica, en esta primera edici\u00f3n dedicada a <em>The Collector is Present<\/em>.<\/p>\n<p>Dise\u00f1o gr\u00e1fico: ODD<br \/>\nM\u00fasica: Aalbers<br \/>\nCon la colaboraci\u00f3n de Mat\u00edas Rossi<\/p>\n<p><a href=\"https:\/\/youtu.be\/D11qWJGa7bU\" target=\"_blank\" rel=\"noopener\">LINK Podcast completo en v\u00eddeo en Youtube<\/a><\/p>\n<p><a href=\"https:\/\/open.spotify.com\/episode\/6Kf9tLIfEKCad1pPuPnb4c\" target=\"_blank\" rel=\"noopener\">LINK Podcast completo en audio en Spotify<\/a><\/p>\n<p>&nbsp;<\/p>\n","protected":false},"excerpt":{"rendered":"<p>Dando continuidad a las propuestas que cada a\u00f1o hacemos entre GRAF y BGW, hemos aprovechado esta ocasi\u00f3n para iniciar los Apropos podcast GRAF.<\/p>\n","protected":false},"author":95,"featured_media":52962,"comment_status":"closed","ping_status":"closed","sticky":false,"template":"","format":"standard","meta":{"_acf_changed":false,"_monsterinsights_skip_tracking":false,"_monsterinsights_sitenote_active":false,"_monsterinsights_sitenote_note":"","_monsterinsights_sitenote_category":0,"footnotes":""},"categories":[551],"class_list":["post-52968","post","type-post","status-publish","format-standard","has-post-thumbnail","hentry","category-apropos-es"],"acf":[],"_links":{"self":[{"href":"https:\/\/graf.cat\/es\/wp-json\/wp\/v2\/posts\/52968","targetHints":{"allow":["GET"]}}],"collection":[{"href":"https:\/\/graf.cat\/es\/wp-json\/wp\/v2\/posts"}],"about":[{"href":"https:\/\/graf.cat\/es\/wp-json\/wp\/v2\/types\/post"}],"author":[{"embeddable":true,"href":"https:\/\/graf.cat\/es\/wp-json\/wp\/v2\/users\/95"}],"replies":[{"embeddable":true,"href":"https:\/\/graf.cat\/es\/wp-json\/wp\/v2\/comments?post=52968"}],"version-history":[{"count":7,"href":"https:\/\/graf.cat\/es\/wp-json\/wp\/v2\/posts\/52968\/revisions"}],"predecessor-version":[{"id":53013,"href":"https:\/\/graf.cat\/es\/wp-json\/wp\/v2\/posts\/52968\/revisions\/53013"}],"wp:featuredmedia":[{"embeddable":true,"href":"https:\/\/graf.cat\/es\/wp-json\/wp\/v2\/media\/52962"}],"wp:attachment":[{"href":"https:\/\/graf.cat\/es\/wp-json\/wp\/v2\/media?parent=52968"}],"wp:term":[{"taxonomy":"category","embeddable":true,"href":"https:\/\/graf.cat\/es\/wp-json\/wp\/v2\/categories?post=52968"}],"curies":[{"name":"wp","href":"https:\/\/api.w.org\/{rel}","templated":true}]}}